{"id":1609,"date":"2022-03-25T12:58:44","date_gmt":"2022-03-25T11:58:44","guid":{"rendered":"https:\/\/astrid-guillaume.fr\/?p=1609"},"modified":"2022-03-25T16:35:21","modified_gmt":"2022-03-25T15:35:21","slug":"hommage-international-a-basarab-nicolescu-pour-ses-80-ans","status":"publish","type":"post","link":"https:\/\/astrid-guillaume.fr\/index.php\/2022\/03\/25\/hommage-international-a-basarab-nicolescu-pour-ses-80-ans\/","title":{"rendered":"Hommage international \u00e0 Basarab Nicolescu pour ses 80 ans"},"content":{"rendered":"\n<p>Fi\u00e8re de participer \u00e0 l&rsquo;hommage international en l&rsquo;honneur des 80 ans de Basarab Nicolescu, physicien du CNRS de renomm\u00e9e internationalen fondateur et pr\u00e9sident d&rsquo;honneur du Centre international de Recherches en \u00e9tudes transdisciplinaires, qui a ouvert mes travaux \u00e0 Sorbonne universit\u00e9 vers les sciences du vivant et a permis l&rsquo;\u00e9mergence de mes travaux en Zoos\u00e9miotique.<\/p>\n\n\n\n<p>Merci, Basarab, et bon anniversaire!<\/p>\n\n\n\n<figure class=\"wp-block-image size-full\"><img fetchpriority=\"high\" decoding=\"async\" width=\"715\" height=\"977\" src=\"https:\/\/astrid-guillaume.fr\/wp-content\/uploads\/2022\/03\/Screenshot_20220325-014825_Acrobat-for-Samsung.jpg\" alt=\"\" class=\"wp-image-1610\" srcset=\"https:\/\/astrid-guillaume.fr\/wp-content\/uploads\/2022\/03\/Screenshot_20220325-014825_Acrobat-for-Samsung.jpg 715w, https:\/\/astrid-guillaume.fr\/wp-content\/uploads\/2022\/03\/Screenshot_20220325-014825_Acrobat-for-Samsung-220x300.jpg 220w\" sizes=\"(max-width: 715px) 100vw, 715px\" \/><\/figure>\n\n\n\n<p>Plus d&rsquo;informations sur <strong><a href=\"https:\/\/ciret.hypotheses.org\/actualites\" target=\"_blank\" rel=\"noreferrer noopener\">le site du CIRET<\/a><\/strong><\/p>\n\n\n\n<figure class=\"wp-block-image size-full\"><img decoding=\"async\" width=\"708\" height=\"1018\" src=\"https:\/\/astrid-guillaume.fr\/wp-content\/uploads\/2022\/03\/Screenshot_20220325-014845_Acrobat-for-Samsung.jpg\" alt=\"\" class=\"wp-image-1612\" srcset=\"https:\/\/astrid-guillaume.fr\/wp-content\/uploads\/2022\/03\/Screenshot_20220325-014845_Acrobat-for-Samsung.jpg 708w, https:\/\/astrid-guillaume.fr\/wp-content\/uploads\/2022\/03\/Screenshot_20220325-014845_Acrobat-for-Samsung-209x300.jpg 209w\" sizes=\"(max-width: 708px) 100vw, 708px\" \/><\/figure>\n\n\n\n<figure class=\"wp-block-image size-large\"><img decoding=\"async\" width=\"714\" height=\"1024\" src=\"https:\/\/astrid-guillaume.fr\/wp-content\/uploads\/2022\/03\/Screenshot_20220325-014855_Acrobat-for-Samsung-714x1024.jpg\" alt=\"\" class=\"wp-image-1613\" srcset=\"https:\/\/astrid-guillaume.fr\/wp-content\/uploads\/2022\/03\/Screenshot_20220325-014855_Acrobat-for-Samsung-714x1024.jpg 714w, https:\/\/astrid-guillaume.fr\/wp-content\/uploads\/2022\/03\/Screenshot_20220325-014855_Acrobat-for-Samsung-209x300.jpg 209w, https:\/\/astrid-guillaume.fr\/wp-content\/uploads\/2022\/03\/Screenshot_20220325-014855_Acrobat-for-Samsung.jpg 720w\" sizes=\"(max-width: 714px) 100vw, 714px\" \/><\/figure>\n\n\n\n<figure class=\"wp-block-image size-large\"><img loading=\"lazy\" decoding=\"async\" width=\"716\" height=\"1024\" src=\"https:\/\/astrid-guillaume.fr\/wp-content\/uploads\/2022\/03\/Screenshot_20220325-014920_Acrobat-for-Samsung-716x1024.jpg\" alt=\"\" class=\"wp-image-1614\" srcset=\"https:\/\/astrid-guillaume.fr\/wp-content\/uploads\/2022\/03\/Screenshot_20220325-014920_Acrobat-for-Samsung-716x1024.jpg 716w, https:\/\/astrid-guillaume.fr\/wp-content\/uploads\/2022\/03\/Screenshot_20220325-014920_Acrobat-for-Samsung-210x300.jpg 210w, https:\/\/astrid-guillaume.fr\/wp-content\/uploads\/2022\/03\/Screenshot_20220325-014920_Acrobat-for-Samsung.jpg 720w\" sizes=\"(max-width: 716px) 100vw, 716px\" \/><\/figure>\n","protected":false},"excerpt":{"rendered":"<p>Fi\u00e8re de participer \u00e0 l&rsquo;hommage international en l&rsquo;honneur des 80 ans de Basarab Nicolescu, physicien du CNRS de renomm\u00e9e internationalen fondateur et pr\u00e9sident d&rsquo;honneur du Centre international de Recherches en \u00e9tudes transdisciplinaires, qui a ouvert mes travaux \u00e0 Sorbonne universit\u00e9 vers les sciences du vivant et a permis l&rsquo;\u00e9mergence de<\/p>\n<p><a class=\"more-link\" href=\"https:\/\/astrid-guillaume.fr\/index.php\/2022\/03\/25\/hommage-international-a-basarab-nicolescu-pour-ses-80-ans\/\">Read More<\/a><\/p>\n","protected":false},"author":3,"featured_media":1617,"comment_status":"closed","ping_status":"open","sticky":false,"template":"","format":"standard","meta":{"footnotes":""},"categories":[1],"tags":[],"class_list":["post-1609","post","type-post","status-publish","format-standard","has-post-thumbnail","hentry","category-non-classe"],"yoast_head":"<!-- This site is optimized with the Yoast SEO plugin v27.4 - https:\/\/yoast.com\/product\/yoast-seo-wordpress\/ -->\n<title>Hommage international \u00e0 Basarab Nicolescu pour ses 80 ans - Astrid GUILLAUME<\/title>\n<meta name=\"robots\" content=\"index, follow, max-snippet:-1, max-image-preview:large, max-video-preview:-1\" \/>\n<link rel=\"canonical\" href=\"https:\/\/astrid-guillaume.fr\/index.php\/2022\/03\/25\/hommage-international-a-basarab-nicolescu-pour-ses-80-ans\/\" \/>\n<meta property=\"og:locale\" content=\"fr_FR\" \/>\n<meta property=\"og:type\" content=\"article\" \/>\n<meta property=\"og:title\" content=\"Hommage international \u00e0 Basarab Nicolescu pour ses 80 ans - Astrid GUILLAUME\" \/>\n<meta property=\"og:description\" content=\"Fi\u00e8re de participer \u00e0 l&rsquo;hommage international en l&rsquo;honneur des 80 ans de Basarab Nicolescu, physicien du CNRS de renomm\u00e9e internationalen fondateur et pr\u00e9sident d&rsquo;honneur du Centre international de Recherches en \u00e9tudes transdisciplinaires, qui a ouvert mes travaux \u00e0 Sorbonne universit\u00e9 vers les sciences du vivant et a permis l&rsquo;\u00e9mergence deRead More\" \/>\n<meta property=\"og:url\" content=\"https:\/\/astrid-guillaume.fr\/index.php\/2022\/03\/25\/hommage-international-a-basarab-nicolescu-pour-ses-80-ans\/\" \/>\n<meta property=\"og:site_name\" content=\"Astrid GUILLAUME\" \/>\n<meta property=\"article:published_time\" content=\"2022-03-25T11:58:44+00:00\" \/>\n<meta property=\"article:modified_time\" content=\"2022-03-25T15:35:21+00:00\" \/>\n<meta property=\"og:image\" content=\"https:\/\/astrid-guillaume.fr\/wp-content\/uploads\/2022\/03\/20220325_163328.jpg\" \/>\n\t<meta property=\"og:image:width\" content=\"720\" \/>\n\t<meta property=\"og:image:height\" content=\"325\" \/>\n\t<meta property=\"og:image:type\" content=\"image\/jpeg\" \/>\n<meta name=\"author\" content=\"Astrid GUILLAUME\" \/>\n<meta name=\"twitter:card\" content=\"summary_large_image\" \/>\n<meta name=\"twitter:label1\" content=\"\u00c9crit par\" \/>\n\t<meta name=\"twitter:data1\" content=\"Astrid GUILLAUME\" \/>\n\t<meta name=\"twitter:label2\" content=\"Dur\u00e9e de lecture estim\u00e9e\" \/>\n\t<meta name=\"twitter:data2\" content=\"2 minutes\" \/>\n<script type=\"application\/ld+json\" class=\"yoast-schema-graph\">{\"@context\":\"https:\\\/\\\/schema.org\",\"@graph\":[{\"@type\":\"Article\",\"@id\":\"https:\\\/\\\/astrid-guillaume.fr\\\/index.php\\\/2022\\\/03\\\/25\\\/hommage-international-a-basarab-nicolescu-pour-ses-80-ans\\\/#article\",\"isPartOf\":{\"@id\":\"https:\\\/\\\/astrid-guillaume.fr\\\/index.php\\\/2022\\\/03\\\/25\\\/hommage-international-a-basarab-nicolescu-pour-ses-80-ans\\\/\"},\"author\":{\"name\":\"Astrid GUILLAUME\",\"@id\":\"https:\\\/\\\/astrid-guillaume.fr\\\/#\\\/schema\\\/person\\\/ea4f874c5f84f3ef4298f3db85c68c9a\"},\"headline\":\"Hommage international \u00e0 Basarab Nicolescu pour ses 80 ans\",\"datePublished\":\"2022-03-25T11:58:44+00:00\",\"dateModified\":\"2022-03-25T15:35:21+00:00\",\"mainEntityOfPage\":{\"@id\":\"https:\\\/\\\/astrid-guillaume.fr\\\/index.php\\\/2022\\\/03\\\/25\\\/hommage-international-a-basarab-nicolescu-pour-ses-80-ans\\\/\"},\"wordCount\":75,\"publisher\":{\"@id\":\"https:\\\/\\\/astrid-guillaume.fr\\\/#\\\/schema\\\/person\\\/ea4f874c5f84f3ef4298f3db85c68c9a\"},\"image\":{\"@id\":\"https:\\\/\\\/astrid-guillaume.fr\\\/index.php\\\/2022\\\/03\\\/25\\\/hommage-international-a-basarab-nicolescu-pour-ses-80-ans\\\/#primaryimage\"},\"thumbnailUrl\":\"https:\\\/\\\/astrid-guillaume.fr\\\/wp-content\\\/uploads\\\/2022\\\/03\\\/20220325_163328.jpg\",\"inLanguage\":\"fr-FR\"},{\"@type\":\"WebPage\",\"@id\":\"https:\\\/\\\/astrid-guillaume.fr\\\/index.php\\\/2022\\\/03\\\/25\\\/hommage-international-a-basarab-nicolescu-pour-ses-80-ans\\\/\",\"url\":\"https:\\\/\\\/astrid-guillaume.fr\\\/index.php\\\/2022\\\/03\\\/25\\\/hommage-international-a-basarab-nicolescu-pour-ses-80-ans\\\/\",\"name\":\"Hommage international \u00e0 Basarab Nicolescu pour ses 80 ans - Astrid GUILLAUME\",\"isPartOf\":{\"@id\":\"https:\\\/\\\/astrid-guillaume.fr\\\/#website\"},\"primaryImageOfPage\":{\"@id\":\"https:\\\/\\\/astrid-guillaume.fr\\\/index.php\\\/2022\\\/03\\\/25\\\/hommage-international-a-basarab-nicolescu-pour-ses-80-ans\\\/#primaryimage\"},\"image\":{\"@id\":\"https:\\\/\\\/astrid-guillaume.fr\\\/index.php\\\/2022\\\/03\\\/25\\\/hommage-international-a-basarab-nicolescu-pour-ses-80-ans\\\/#primaryimage\"},\"thumbnailUrl\":\"https:\\\/\\\/astrid-guillaume.fr\\\/wp-content\\\/uploads\\\/2022\\\/03\\\/20220325_163328.jpg\",\"datePublished\":\"2022-03-25T11:58:44+00:00\",\"dateModified\":\"2022-03-25T15:35:21+00:00\",\"breadcrumb\":{\"@id\":\"https:\\\/\\\/astrid-guillaume.fr\\\/index.php\\\/2022\\\/03\\\/25\\\/hommage-international-a-basarab-nicolescu-pour-ses-80-ans\\\/#breadcrumb\"},\"inLanguage\":\"fr-FR\",\"potentialAction\":[{\"@type\":\"ReadAction\",\"target\":[\"https:\\\/\\\/astrid-guillaume.fr\\\/index.php\\\/2022\\\/03\\\/25\\\/hommage-international-a-basarab-nicolescu-pour-ses-80-ans\\\/\"]}]},{\"@type\":\"ImageObject\",\"inLanguage\":\"fr-FR\",\"@id\":\"https:\\\/\\\/astrid-guillaume.fr\\\/index.php\\\/2022\\\/03\\\/25\\\/hommage-international-a-basarab-nicolescu-pour-ses-80-ans\\\/#primaryimage\",\"url\":\"https:\\\/\\\/astrid-guillaume.fr\\\/wp-content\\\/uploads\\\/2022\\\/03\\\/20220325_163328.jpg\",\"contentUrl\":\"https:\\\/\\\/astrid-guillaume.fr\\\/wp-content\\\/uploads\\\/2022\\\/03\\\/20220325_163328.jpg\",\"width\":720,\"height\":325},{\"@type\":\"BreadcrumbList\",\"@id\":\"https:\\\/\\\/astrid-guillaume.fr\\\/index.php\\\/2022\\\/03\\\/25\\\/hommage-international-a-basarab-nicolescu-pour-ses-80-ans\\\/#breadcrumb\",\"itemListElement\":[{\"@type\":\"ListItem\",\"position\":1,\"name\":\"Accueil\",\"item\":\"https:\\\/\\\/astrid-guillaume.fr\\\/\"},{\"@type\":\"ListItem\",\"position\":2,\"name\":\"Hommage international \u00e0 Basarab Nicolescu pour ses 80 ans\"}]},{\"@type\":\"WebSite\",\"@id\":\"https:\\\/\\\/astrid-guillaume.fr\\\/#website\",\"url\":\"https:\\\/\\\/astrid-guillaume.fr\\\/\",\"name\":\"Astrid GUILLAUME\",\"description\":\"Ma\u00eetre de conf\u00e9rences HDR - Sorbonne Universit\u00e9\",\"publisher\":{\"@id\":\"https:\\\/\\\/astrid-guillaume.fr\\\/#\\\/schema\\\/person\\\/ea4f874c5f84f3ef4298f3db85c68c9a\"},\"potentialAction\":[{\"@type\":\"SearchAction\",\"target\":{\"@type\":\"EntryPoint\",\"urlTemplate\":\"https:\\\/\\\/astrid-guillaume.fr\\\/?s={search_term_string}\"},\"query-input\":{\"@type\":\"PropertyValueSpecification\",\"valueRequired\":true,\"valueName\":\"search_term_string\"}}],\"inLanguage\":\"fr-FR\"},{\"@type\":[\"Person\",\"Organization\"],\"@id\":\"https:\\\/\\\/astrid-guillaume.fr\\\/#\\\/schema\\\/person\\\/ea4f874c5f84f3ef4298f3db85c68c9a\",\"name\":\"Astrid GUILLAUME\",\"image\":{\"@type\":\"ImageObject\",\"inLanguage\":\"fr-FR\",\"@id\":\"https:\\\/\\\/secure.gravatar.com\\\/avatar\\\/d6b204d7c0d63e3481ca32f0b90c6ff876137841f8508ca626b432158768fd16?s=96&d=blank&r=g\",\"url\":\"https:\\\/\\\/secure.gravatar.com\\\/avatar\\\/d6b204d7c0d63e3481ca32f0b90c6ff876137841f8508ca626b432158768fd16?s=96&d=blank&r=g\",\"contentUrl\":\"https:\\\/\\\/secure.gravatar.com\\\/avatar\\\/d6b204d7c0d63e3481ca32f0b90c6ff876137841f8508ca626b432158768fd16?s=96&d=blank&r=g\",\"caption\":\"Astrid GUILLAUME\"},\"logo\":{\"@id\":\"https:\\\/\\\/secure.gravatar.com\\\/avatar\\\/d6b204d7c0d63e3481ca32f0b90c6ff876137841f8508ca626b432158768fd16?s=96&d=blank&r=g\"}}]}<\/script>\n<!-- \/ Yoast SEO plugin. -->","yoast_head_json":{"title":"Hommage international \u00e0 Basarab Nicolescu pour ses 80 ans - Astrid GUILLAUME","robots":{"index":"index","follow":"follow","max-snippet":"max-snippet:-1","max-image-preview":"max-image-preview:large","max-video-preview":"max-video-preview:-1"},"canonical":"https:\/\/astrid-guillaume.fr\/index.php\/2022\/03\/25\/hommage-international-a-basarab-nicolescu-pour-ses-80-ans\/","og_locale":"fr_FR","og_type":"article","og_title":"Hommage international \u00e0 Basarab Nicolescu pour ses 80 ans - Astrid GUILLAUME","og_description":"Fi\u00e8re de participer \u00e0 l&rsquo;hommage international en l&rsquo;honneur des 80 ans de Basarab Nicolescu, physicien du CNRS de renomm\u00e9e internationalen fondateur et pr\u00e9sident d&rsquo;honneur du Centre international de Recherches en \u00e9tudes transdisciplinaires, qui a ouvert mes travaux \u00e0 Sorbonne universit\u00e9 vers les sciences du vivant et a permis l&rsquo;\u00e9mergence deRead More","og_url":"https:\/\/astrid-guillaume.fr\/index.php\/2022\/03\/25\/hommage-international-a-basarab-nicolescu-pour-ses-80-ans\/","og_site_name":"Astrid GUILLAUME","article_published_time":"2022-03-25T11:58:44+00:00","article_modified_time":"2022-03-25T15:35:21+00:00","og_image":[{"width":720,"height":325,"url":"https:\/\/astrid-guillaume.fr\/wp-content\/uploads\/2022\/03\/20220325_163328.jpg","type":"image\/jpeg"}],"author":"Astrid GUILLAUME","twitter_card":"summary_large_image","twitter_misc":{"\u00c9crit par":"Astrid GUILLAUME","Dur\u00e9e de lecture estim\u00e9e":"2 minutes"},"schema":{"@context":"https:\/\/schema.org","@graph":[{"@type":"Article","@id":"https:\/\/astrid-guillaume.fr\/index.php\/2022\/03\/25\/hommage-international-a-basarab-nicolescu-pour-ses-80-ans\/#article","isPartOf":{"@id":"https:\/\/astrid-guillaume.fr\/index.php\/2022\/03\/25\/hommage-international-a-basarab-nicolescu-pour-ses-80-ans\/"},"author":{"name":"Astrid GUILLAUME","@id":"https:\/\/astrid-guillaume.fr\/#\/schema\/person\/ea4f874c5f84f3ef4298f3db85c68c9a"},"headline":"Hommage international \u00e0 Basarab Nicolescu pour ses 80 ans","datePublished":"2022-03-25T11:58:44+00:00","dateModified":"2022-03-25T15:35:21+00:00","mainEntityOfPage":{"@id":"https:\/\/astrid-guillaume.fr\/index.php\/2022\/03\/25\/hommage-international-a-basarab-nicolescu-pour-ses-80-ans\/"},"wordCount":75,"publisher":{"@id":"https:\/\/astrid-guillaume.fr\/#\/schema\/person\/ea4f874c5f84f3ef4298f3db85c68c9a"},"image":{"@id":"https:\/\/astrid-guillaume.fr\/index.php\/2022\/03\/25\/hommage-international-a-basarab-nicolescu-pour-ses-80-ans\/#primaryimage"},"thumbnailUrl":"https:\/\/astrid-guillaume.fr\/wp-content\/uploads\/2022\/03\/20220325_163328.jpg","inLanguage":"fr-FR"},{"@type":"WebPage","@id":"https:\/\/astrid-guillaume.fr\/index.php\/2022\/03\/25\/hommage-international-a-basarab-nicolescu-pour-ses-80-ans\/","url":"https:\/\/astrid-guillaume.fr\/index.php\/2022\/03\/25\/hommage-international-a-basarab-nicolescu-pour-ses-80-ans\/","name":"Hommage international \u00e0 Basarab Nicolescu pour ses 80 ans - Astrid GUILLAUME","isPartOf":{"@id":"https:\/\/astrid-guillaume.fr\/#website"},"primaryImageOfPage":{"@id":"https:\/\/astrid-guillaume.fr\/index.php\/2022\/03\/25\/hommage-international-a-basarab-nicolescu-pour-ses-80-ans\/#primaryimage"},"image":{"@id":"https:\/\/astrid-guillaume.fr\/index.php\/2022\/03\/25\/hommage-international-a-basarab-nicolescu-pour-ses-80-ans\/#primaryimage"},"thumbnailUrl":"https:\/\/astrid-guillaume.fr\/wp-content\/uploads\/2022\/03\/20220325_163328.jpg","datePublished":"2022-03-25T11:58:44+00:00","dateModified":"2022-03-25T15:35:21+00:00","breadcrumb":{"@id":"https:\/\/astrid-guillaume.fr\/index.php\/2022\/03\/25\/hommage-international-a-basarab-nicolescu-pour-ses-80-ans\/#breadcrumb"},"inLanguage":"fr-FR","potentialAction":[{"@type":"ReadAction","target":["https:\/\/astrid-guillaume.fr\/index.php\/2022\/03\/25\/hommage-international-a-basarab-nicolescu-pour-ses-80-ans\/"]}]},{"@type":"ImageObject","inLanguage":"fr-FR","@id":"https:\/\/astrid-guillaume.fr\/index.php\/2022\/03\/25\/hommage-international-a-basarab-nicolescu-pour-ses-80-ans\/#primaryimage","url":"https:\/\/astrid-guillaume.fr\/wp-content\/uploads\/2022\/03\/20220325_163328.jpg","contentUrl":"https:\/\/astrid-guillaume.fr\/wp-content\/uploads\/2022\/03\/20220325_163328.jpg","width":720,"height":325},{"@type":"BreadcrumbList","@id":"https:\/\/astrid-guillaume.fr\/index.php\/2022\/03\/25\/hommage-international-a-basarab-nicolescu-pour-ses-80-ans\/#breadcrumb","itemListElement":[{"@type":"ListItem","position":1,"name":"Accueil","item":"https:\/\/astrid-guillaume.fr\/"},{"@type":"ListItem","position":2,"name":"Hommage international \u00e0 Basarab Nicolescu pour ses 80 ans"}]},{"@type":"WebSite","@id":"https:\/\/astrid-guillaume.fr\/#website","url":"https:\/\/astrid-guillaume.fr\/","name":"Astrid GUILLAUME","description":"Ma\u00eetre de conf\u00e9rences HDR - Sorbonne Universit\u00e9","publisher":{"@id":"https:\/\/astrid-guillaume.fr\/#\/schema\/person\/ea4f874c5f84f3ef4298f3db85c68c9a"},"potentialAction":[{"@type":"SearchAction","target":{"@type":"EntryPoint","urlTemplate":"https:\/\/astrid-guillaume.fr\/?s={search_term_string}"},"query-input":{"@type":"PropertyValueSpecification","valueRequired":true,"valueName":"search_term_string"}}],"inLanguage":"fr-FR"},{"@type":["Person","Organization"],"@id":"https:\/\/astrid-guillaume.fr\/#\/schema\/person\/ea4f874c5f84f3ef4298f3db85c68c9a","name":"Astrid GUILLAUME","image":{"@type":"ImageObject","inLanguage":"fr-FR","@id":"https:\/\/secure.gravatar.com\/avatar\/d6b204d7c0d63e3481ca32f0b90c6ff876137841f8508ca626b432158768fd16?s=96&d=blank&r=g","url":"https:\/\/secure.gravatar.com\/avatar\/d6b204d7c0d63e3481ca32f0b90c6ff876137841f8508ca626b432158768fd16?s=96&d=blank&r=g","contentUrl":"https:\/\/secure.gravatar.com\/avatar\/d6b204d7c0d63e3481ca32f0b90c6ff876137841f8508ca626b432158768fd16?s=96&d=blank&r=g","caption":"Astrid GUILLAUME"},"logo":{"@id":"https:\/\/secure.gravatar.com\/avatar\/d6b204d7c0d63e3481ca32f0b90c6ff876137841f8508ca626b432158768fd16?s=96&d=blank&r=g"}}]}},"_links":{"self":[{"href":"https:\/\/astrid-guillaume.fr\/index.php\/wp-json\/wp\/v2\/posts\/1609","targetHints":{"allow":["GET"]}}],"collection":[{"href":"https:\/\/astrid-guillaume.fr\/index.php\/wp-json\/wp\/v2\/posts"}],"about":[{"href":"https:\/\/astrid-guillaume.fr\/index.php\/wp-json\/wp\/v2\/types\/post"}],"author":[{"embeddable":true,"href":"https:\/\/astrid-guillaume.fr\/index.php\/wp-json\/wp\/v2\/users\/3"}],"replies":[{"embeddable":true,"href":"https:\/\/astrid-guillaume.fr\/index.php\/wp-json\/wp\/v2\/comments?post=1609"}],"version-history":[{"count":2,"href":"https:\/\/astrid-guillaume.fr\/index.php\/wp-json\/wp\/v2\/posts\/1609\/revisions"}],"predecessor-version":[{"id":1616,"href":"https:\/\/astrid-guillaume.fr\/index.php\/wp-json\/wp\/v2\/posts\/1609\/revisions\/1616"}],"wp:featuredmedia":[{"embeddable":true,"href":"https:\/\/astrid-guillaume.fr\/index.php\/wp-json\/wp\/v2\/media\/1617"}],"wp:attachment":[{"href":"https:\/\/astrid-guillaume.fr\/index.php\/wp-json\/wp\/v2\/media?parent=1609"}],"wp:term":[{"taxonomy":"category","embeddable":true,"href":"https:\/\/astrid-guillaume.fr\/index.php\/wp-json\/wp\/v2\/categories?post=1609"},{"taxonomy":"post_tag","embeddable":true,"href":"https:\/\/astrid-guillaume.fr\/index.php\/wp-json\/wp\/v2\/tags?post=1609"}],"curies":[{"name":"wp","href":"https:\/\/api.w.org\/{rel}","templated":true}]}}