{"id":1505,"date":"2021-12-19T15:25:04","date_gmt":"2021-12-19T14:25:04","guid":{"rendered":"https:\/\/astrid-guillaume.fr\/?p=1505"},"modified":"2021-12-19T17:30:47","modified_gmt":"2021-12-19T16:30:47","slug":"voyage-sur-les-chemins-de-la-francophonie","status":"publish","type":"post","link":"https:\/\/astrid-guillaume.fr\/index.php\/2021\/12\/19\/voyage-sur-les-chemins-de-la-francophonie\/","title":{"rendered":"[Publication] Voyage sur les chemins de la Francophonie,  Aroutiounova J., Sdobnova Y., Semenov S"},"content":{"rendered":"\n<p>Merci \u00e0 Jeanne Aroutiounova de nous avoir offert, avec Christian Tremblay, la possibilit\u00e9 de pr\u00e9senter l&rsquo;Observatoire Europ\u00e9en du Plurilinguisme, que nous avons cofond\u00e9 en 2005 dans V<em>oyage sur les chemins de la Francophonie<\/em>, sous la direction de Aroutiounova J., Sdobnova Y., Semenov S. <\/p>\n\n\n\n<p>Cet ouvrage a \u00e9t\u00e9 con\u00e7u et r\u00e9alis\u00e9 dans le cadre du 50\u00e8me anniversaire de l&rsquo;Organisation internationale de la francophonie (OIF)<\/p>\n\n\n\n<p>A lire, dans le chapitre La Francophonie institutionnelle, \u00ab\u00a0L&rsquo;observatoire europ\u00e9en du plurilinguisme\u00a0\u00bb, par Astrid Guillaume et Christian Tremblay, pp.104-114.<\/p>\n\n\n\n<p>Livre \u00e0 t\u00e9l\u00e9charger gratuitement <strong><a href=\"https:\/\/www.observatoireplurilinguisme.eu\/en-us\/thematic-files\/international-en-us-6\/177778462-les-grandes-aires-linguistiques\/la-francophonie\/14621-voyage-sur-les-chemins-de-la-francophonie-%D0%BF%D1%83%D1%82%D0%B5%D1%88%D0%B5%D1%81%D1%82%D0%B2%D0%B8%D0%B5-%D0%BF%D0%BE-%D0%B4%D0%BE%D1%80%D0%BE%D0%B3%D0%B0%D0%BC%D1%84%D1%80%D0%B0%D0%BD%D0%BA%D0%BE%D1%84%D0%BE%D0%BD%D0%B8%D0%B8?fbclid=IwAR1r-M9gIctoZEljxB-r6ItcpKZ4KSDVJ51GNIBDaOTKSg56Z2G-op_8tBc\" target=\"_blank\" rel=\"noreferrer noopener\">ici<\/a><\/strong>.<\/p>\n\n\n\n<div class=\"wp-block-image\"><figure class=\"aligncenter size-full\"><img fetchpriority=\"high\" decoding=\"async\" width=\"640\" height=\"432\" src=\"https:\/\/astrid-guillaume.fr\/wp-content\/uploads\/2021\/12\/ar-frankofoniya-obl.jpg\" alt=\"\" class=\"wp-image-1516\" srcset=\"https:\/\/astrid-guillaume.fr\/wp-content\/uploads\/2021\/12\/ar-frankofoniya-obl.jpg 640w, https:\/\/astrid-guillaume.fr\/wp-content\/uploads\/2021\/12\/ar-frankofoniya-obl-300x203.jpg 300w\" sizes=\"(max-width: 640px) 100vw, 640px\" \/><\/figure><\/div>\n","protected":false},"excerpt":{"rendered":"<p>Merci \u00e0 Jeanne Aroutiounova de nous avoir offert, avec Christian Tremblay, la possibilit\u00e9 de pr\u00e9senter l&rsquo;Observatoire Europ\u00e9en du Plurilinguisme, que nous avons cofond\u00e9 en 2005 dans Voyage sur les chemins de la Francophonie, sous la direction de Aroutiounova J., Sdobnova Y., Semenov S. Cet ouvrage a \u00e9t\u00e9 con\u00e7u et r\u00e9alis\u00e9<\/p>\n<p><a class=\"more-link\" href=\"https:\/\/astrid-guillaume.fr\/index.php\/2021\/12\/19\/voyage-sur-les-chemins-de-la-francophonie\/\">Read More<\/a><\/p>\n","protected":false},"author":3,"featured_media":1515,"comment_status":"closed","ping_status":"open","sticky":false,"template":"","format":"standard","meta":{"footnotes":""},"categories":[1],"tags":[120,121,117,122,123,124,118,119],"class_list":["post-1505","post","type-post","status-publish","format-standard","has-post-thumbnail","hentry","category-non-classe","tag-fle","tag-francais-langue-etrangere","tag-francophonie","tag-multilinguisme","tag-oif","tag-organisation-internationale-de-la-francophonie","tag-plurilinguisme","tag-traduction"],"yoast_head":"<!-- This site is optimized with the Yoast SEO plugin v27.4 - https:\/\/yoast.com\/product\/yoast-seo-wordpress\/ -->\n<title>[Publication] Voyage sur les chemins de la Francophonie, Aroutiounova J., Sdobnova Y., Semenov S - Astrid GUILLAUME<\/title>\n<meta name=\"robots\" content=\"index, follow, max-snippet:-1, max-image-preview:large, max-video-preview:-1\" \/>\n<link rel=\"canonical\" href=\"https:\/\/astrid-guillaume.fr\/index.php\/2021\/12\/19\/voyage-sur-les-chemins-de-la-francophonie\/\" \/>\n<meta property=\"og:locale\" content=\"fr_FR\" \/>\n<meta property=\"og:type\" content=\"article\" \/>\n<meta property=\"og:title\" content=\"[Publication] Voyage sur les chemins de la Francophonie, Aroutiounova J., Sdobnova Y., Semenov S - Astrid GUILLAUME\" \/>\n<meta property=\"og:description\" content=\"Merci \u00e0 Jeanne Aroutiounova de nous avoir offert, avec Christian Tremblay, la possibilit\u00e9 de pr\u00e9senter l&rsquo;Observatoire Europ\u00e9en du Plurilinguisme, que nous avons cofond\u00e9 en 2005 dans Voyage sur les chemins de la Francophonie, sous la direction de Aroutiounova J., Sdobnova Y., Semenov S. Cet ouvrage a \u00e9t\u00e9 con\u00e7u et r\u00e9alis\u00e9Read More\" \/>\n<meta property=\"og:url\" content=\"https:\/\/astrid-guillaume.fr\/index.php\/2021\/12\/19\/voyage-sur-les-chemins-de-la-francophonie\/\" \/>\n<meta property=\"og:site_name\" content=\"Astrid GUILLAUME\" \/>\n<meta property=\"article:published_time\" content=\"2021-12-19T14:25:04+00:00\" \/>\n<meta property=\"article:modified_time\" content=\"2021-12-19T16:30:47+00:00\" \/>\n<meta property=\"og:image\" content=\"https:\/\/astrid-guillaume.fr\/wp-content\/uploads\/2021\/12\/ar-frankofoniya-obl2-1.jpg\" \/>\n\t<meta property=\"og:image:width\" content=\"345\" \/>\n\t<meta property=\"og:image:height\" content=\"429\" \/>\n\t<meta property=\"og:image:type\" content=\"image\/jpeg\" \/>\n<meta name=\"author\" content=\"Astrid GUILLAUME\" \/>\n<meta name=\"twitter:card\" content=\"summary_large_image\" \/>\n<meta name=\"twitter:label1\" content=\"\u00c9crit par\" \/>\n\t<meta name=\"twitter:data1\" content=\"Astrid GUILLAUME\" \/>\n\t<meta name=\"twitter:label2\" content=\"Dur\u00e9e de lecture estim\u00e9e\" \/>\n\t<meta name=\"twitter:data2\" content=\"1 minute\" \/>\n<script type=\"application\/ld+json\" class=\"yoast-schema-graph\">{\"@context\":\"https:\\\/\\\/schema.org\",\"@graph\":[{\"@type\":\"Article\",\"@id\":\"https:\\\/\\\/astrid-guillaume.fr\\\/index.php\\\/2021\\\/12\\\/19\\\/voyage-sur-les-chemins-de-la-francophonie\\\/#article\",\"isPartOf\":{\"@id\":\"https:\\\/\\\/astrid-guillaume.fr\\\/index.php\\\/2021\\\/12\\\/19\\\/voyage-sur-les-chemins-de-la-francophonie\\\/\"},\"author\":{\"name\":\"Astrid GUILLAUME\",\"@id\":\"https:\\\/\\\/astrid-guillaume.fr\\\/#\\\/schema\\\/person\\\/ea4f874c5f84f3ef4298f3db85c68c9a\"},\"headline\":\"[Publication] Voyage sur les chemins de la Francophonie, Aroutiounova J., Sdobnova Y., Semenov S\",\"datePublished\":\"2021-12-19T14:25:04+00:00\",\"dateModified\":\"2021-12-19T16:30:47+00:00\",\"mainEntityOfPage\":{\"@id\":\"https:\\\/\\\/astrid-guillaume.fr\\\/index.php\\\/2021\\\/12\\\/19\\\/voyage-sur-les-chemins-de-la-francophonie\\\/\"},\"wordCount\":106,\"publisher\":{\"@id\":\"https:\\\/\\\/astrid-guillaume.fr\\\/#\\\/schema\\\/person\\\/ea4f874c5f84f3ef4298f3db85c68c9a\"},\"image\":{\"@id\":\"https:\\\/\\\/astrid-guillaume.fr\\\/index.php\\\/2021\\\/12\\\/19\\\/voyage-sur-les-chemins-de-la-francophonie\\\/#primaryimage\"},\"thumbnailUrl\":\"https:\\\/\\\/astrid-guillaume.fr\\\/wp-content\\\/uploads\\\/2021\\\/12\\\/ar-frankofoniya-obl2-1.jpg\",\"keywords\":[\"FLE\",\"Fran\u00e7ais Langue Etrang\u00e8re\",\"Francophonie\",\"Multilinguisme\",\"OIF\",\"Organisation Internationale de la Francophonie\",\"Plurilinguisme\",\"Traduction\"],\"inLanguage\":\"fr-FR\"},{\"@type\":\"WebPage\",\"@id\":\"https:\\\/\\\/astrid-guillaume.fr\\\/index.php\\\/2021\\\/12\\\/19\\\/voyage-sur-les-chemins-de-la-francophonie\\\/\",\"url\":\"https:\\\/\\\/astrid-guillaume.fr\\\/index.php\\\/2021\\\/12\\\/19\\\/voyage-sur-les-chemins-de-la-francophonie\\\/\",\"name\":\"[Publication] Voyage sur les chemins de la Francophonie, Aroutiounova J., Sdobnova Y., Semenov S - Astrid GUILLAUME\",\"isPartOf\":{\"@id\":\"https:\\\/\\\/astrid-guillaume.fr\\\/#website\"},\"primaryImageOfPage\":{\"@id\":\"https:\\\/\\\/astrid-guillaume.fr\\\/index.php\\\/2021\\\/12\\\/19\\\/voyage-sur-les-chemins-de-la-francophonie\\\/#primaryimage\"},\"image\":{\"@id\":\"https:\\\/\\\/astrid-guillaume.fr\\\/index.php\\\/2021\\\/12\\\/19\\\/voyage-sur-les-chemins-de-la-francophonie\\\/#primaryimage\"},\"thumbnailUrl\":\"https:\\\/\\\/astrid-guillaume.fr\\\/wp-content\\\/uploads\\\/2021\\\/12\\\/ar-frankofoniya-obl2-1.jpg\",\"datePublished\":\"2021-12-19T14:25:04+00:00\",\"dateModified\":\"2021-12-19T16:30:47+00:00\",\"breadcrumb\":{\"@id\":\"https:\\\/\\\/astrid-guillaume.fr\\\/index.php\\\/2021\\\/12\\\/19\\\/voyage-sur-les-chemins-de-la-francophonie\\\/#breadcrumb\"},\"inLanguage\":\"fr-FR\",\"potentialAction\":[{\"@type\":\"ReadAction\",\"target\":[\"https:\\\/\\\/astrid-guillaume.fr\\\/index.php\\\/2021\\\/12\\\/19\\\/voyage-sur-les-chemins-de-la-francophonie\\\/\"]}]},{\"@type\":\"ImageObject\",\"inLanguage\":\"fr-FR\",\"@id\":\"https:\\\/\\\/astrid-guillaume.fr\\\/index.php\\\/2021\\\/12\\\/19\\\/voyage-sur-les-chemins-de-la-francophonie\\\/#primaryimage\",\"url\":\"https:\\\/\\\/astrid-guillaume.fr\\\/wp-content\\\/uploads\\\/2021\\\/12\\\/ar-frankofoniya-obl2-1.jpg\",\"contentUrl\":\"https:\\\/\\\/astrid-guillaume.fr\\\/wp-content\\\/uploads\\\/2021\\\/12\\\/ar-frankofoniya-obl2-1.jpg\",\"width\":345,\"height\":429},{\"@type\":\"BreadcrumbList\",\"@id\":\"https:\\\/\\\/astrid-guillaume.fr\\\/index.php\\\/2021\\\/12\\\/19\\\/voyage-sur-les-chemins-de-la-francophonie\\\/#breadcrumb\",\"itemListElement\":[{\"@type\":\"ListItem\",\"position\":1,\"name\":\"Accueil\",\"item\":\"https:\\\/\\\/astrid-guillaume.fr\\\/\"},{\"@type\":\"ListItem\",\"position\":2,\"name\":\"[Publication] Voyage sur les chemins de la Francophonie, Aroutiounova J., Sdobnova Y., Semenov S\"}]},{\"@type\":\"WebSite\",\"@id\":\"https:\\\/\\\/astrid-guillaume.fr\\\/#website\",\"url\":\"https:\\\/\\\/astrid-guillaume.fr\\\/\",\"name\":\"Astrid GUILLAUME\",\"description\":\"Ma\u00eetre de conf\u00e9rences HDR - Sorbonne Universit\u00e9\",\"publisher\":{\"@id\":\"https:\\\/\\\/astrid-guillaume.fr\\\/#\\\/schema\\\/person\\\/ea4f874c5f84f3ef4298f3db85c68c9a\"},\"potentialAction\":[{\"@type\":\"SearchAction\",\"target\":{\"@type\":\"EntryPoint\",\"urlTemplate\":\"https:\\\/\\\/astrid-guillaume.fr\\\/?s={search_term_string}\"},\"query-input\":{\"@type\":\"PropertyValueSpecification\",\"valueRequired\":true,\"valueName\":\"search_term_string\"}}],\"inLanguage\":\"fr-FR\"},{\"@type\":[\"Person\",\"Organization\"],\"@id\":\"https:\\\/\\\/astrid-guillaume.fr\\\/#\\\/schema\\\/person\\\/ea4f874c5f84f3ef4298f3db85c68c9a\",\"name\":\"Astrid GUILLAUME\",\"image\":{\"@type\":\"ImageObject\",\"inLanguage\":\"fr-FR\",\"@id\":\"https:\\\/\\\/secure.gravatar.com\\\/avatar\\\/d6b204d7c0d63e3481ca32f0b90c6ff876137841f8508ca626b432158768fd16?s=96&d=blank&r=g\",\"url\":\"https:\\\/\\\/secure.gravatar.com\\\/avatar\\\/d6b204d7c0d63e3481ca32f0b90c6ff876137841f8508ca626b432158768fd16?s=96&d=blank&r=g\",\"contentUrl\":\"https:\\\/\\\/secure.gravatar.com\\\/avatar\\\/d6b204d7c0d63e3481ca32f0b90c6ff876137841f8508ca626b432158768fd16?s=96&d=blank&r=g\",\"caption\":\"Astrid GUILLAUME\"},\"logo\":{\"@id\":\"https:\\\/\\\/secure.gravatar.com\\\/avatar\\\/d6b204d7c0d63e3481ca32f0b90c6ff876137841f8508ca626b432158768fd16?s=96&d=blank&r=g\"}}]}<\/script>\n<!-- \/ Yoast SEO plugin. -->","yoast_head_json":{"title":"[Publication] Voyage sur les chemins de la Francophonie, Aroutiounova J., Sdobnova Y., Semenov S - Astrid GUILLAUME","robots":{"index":"index","follow":"follow","max-snippet":"max-snippet:-1","max-image-preview":"max-image-preview:large","max-video-preview":"max-video-preview:-1"},"canonical":"https:\/\/astrid-guillaume.fr\/index.php\/2021\/12\/19\/voyage-sur-les-chemins-de-la-francophonie\/","og_locale":"fr_FR","og_type":"article","og_title":"[Publication] Voyage sur les chemins de la Francophonie, Aroutiounova J., Sdobnova Y., Semenov S - Astrid GUILLAUME","og_description":"Merci \u00e0 Jeanne Aroutiounova de nous avoir offert, avec Christian Tremblay, la possibilit\u00e9 de pr\u00e9senter l&rsquo;Observatoire Europ\u00e9en du Plurilinguisme, que nous avons cofond\u00e9 en 2005 dans Voyage sur les chemins de la Francophonie, sous la direction de Aroutiounova J., Sdobnova Y., Semenov S. Cet ouvrage a \u00e9t\u00e9 con\u00e7u et r\u00e9alis\u00e9Read More","og_url":"https:\/\/astrid-guillaume.fr\/index.php\/2021\/12\/19\/voyage-sur-les-chemins-de-la-francophonie\/","og_site_name":"Astrid GUILLAUME","article_published_time":"2021-12-19T14:25:04+00:00","article_modified_time":"2021-12-19T16:30:47+00:00","og_image":[{"width":345,"height":429,"url":"https:\/\/astrid-guillaume.fr\/wp-content\/uploads\/2021\/12\/ar-frankofoniya-obl2-1.jpg","type":"image\/jpeg"}],"author":"Astrid GUILLAUME","twitter_card":"summary_large_image","twitter_misc":{"\u00c9crit par":"Astrid GUILLAUME","Dur\u00e9e de lecture estim\u00e9e":"1 minute"},"schema":{"@context":"https:\/\/schema.org","@graph":[{"@type":"Article","@id":"https:\/\/astrid-guillaume.fr\/index.php\/2021\/12\/19\/voyage-sur-les-chemins-de-la-francophonie\/#article","isPartOf":{"@id":"https:\/\/astrid-guillaume.fr\/index.php\/2021\/12\/19\/voyage-sur-les-chemins-de-la-francophonie\/"},"author":{"name":"Astrid GUILLAUME","@id":"https:\/\/astrid-guillaume.fr\/#\/schema\/person\/ea4f874c5f84f3ef4298f3db85c68c9a"},"headline":"[Publication] Voyage sur les chemins de la Francophonie, Aroutiounova J., Sdobnova Y., Semenov S","datePublished":"2021-12-19T14:25:04+00:00","dateModified":"2021-12-19T16:30:47+00:00","mainEntityOfPage":{"@id":"https:\/\/astrid-guillaume.fr\/index.php\/2021\/12\/19\/voyage-sur-les-chemins-de-la-francophonie\/"},"wordCount":106,"publisher":{"@id":"https:\/\/astrid-guillaume.fr\/#\/schema\/person\/ea4f874c5f84f3ef4298f3db85c68c9a"},"image":{"@id":"https:\/\/astrid-guillaume.fr\/index.php\/2021\/12\/19\/voyage-sur-les-chemins-de-la-francophonie\/#primaryimage"},"thumbnailUrl":"https:\/\/astrid-guillaume.fr\/wp-content\/uploads\/2021\/12\/ar-frankofoniya-obl2-1.jpg","keywords":["FLE","Fran\u00e7ais Langue Etrang\u00e8re","Francophonie","Multilinguisme","OIF","Organisation Internationale de la Francophonie","Plurilinguisme","Traduction"],"inLanguage":"fr-FR"},{"@type":"WebPage","@id":"https:\/\/astrid-guillaume.fr\/index.php\/2021\/12\/19\/voyage-sur-les-chemins-de-la-francophonie\/","url":"https:\/\/astrid-guillaume.fr\/index.php\/2021\/12\/19\/voyage-sur-les-chemins-de-la-francophonie\/","name":"[Publication] Voyage sur les chemins de la Francophonie, Aroutiounova J., Sdobnova Y., Semenov S - Astrid GUILLAUME","isPartOf":{"@id":"https:\/\/astrid-guillaume.fr\/#website"},"primaryImageOfPage":{"@id":"https:\/\/astrid-guillaume.fr\/index.php\/2021\/12\/19\/voyage-sur-les-chemins-de-la-francophonie\/#primaryimage"},"image":{"@id":"https:\/\/astrid-guillaume.fr\/index.php\/2021\/12\/19\/voyage-sur-les-chemins-de-la-francophonie\/#primaryimage"},"thumbnailUrl":"https:\/\/astrid-guillaume.fr\/wp-content\/uploads\/2021\/12\/ar-frankofoniya-obl2-1.jpg","datePublished":"2021-12-19T14:25:04+00:00","dateModified":"2021-12-19T16:30:47+00:00","breadcrumb":{"@id":"https:\/\/astrid-guillaume.fr\/index.php\/2021\/12\/19\/voyage-sur-les-chemins-de-la-francophonie\/#breadcrumb"},"inLanguage":"fr-FR","potentialAction":[{"@type":"ReadAction","target":["https:\/\/astrid-guillaume.fr\/index.php\/2021\/12\/19\/voyage-sur-les-chemins-de-la-francophonie\/"]}]},{"@type":"ImageObject","inLanguage":"fr-FR","@id":"https:\/\/astrid-guillaume.fr\/index.php\/2021\/12\/19\/voyage-sur-les-chemins-de-la-francophonie\/#primaryimage","url":"https:\/\/astrid-guillaume.fr\/wp-content\/uploads\/2021\/12\/ar-frankofoniya-obl2-1.jpg","contentUrl":"https:\/\/astrid-guillaume.fr\/wp-content\/uploads\/2021\/12\/ar-frankofoniya-obl2-1.jpg","width":345,"height":429},{"@type":"BreadcrumbList","@id":"https:\/\/astrid-guillaume.fr\/index.php\/2021\/12\/19\/voyage-sur-les-chemins-de-la-francophonie\/#breadcrumb","itemListElement":[{"@type":"ListItem","position":1,"name":"Accueil","item":"https:\/\/astrid-guillaume.fr\/"},{"@type":"ListItem","position":2,"name":"[Publication] Voyage sur les chemins de la Francophonie, Aroutiounova J., Sdobnova Y., Semenov S"}]},{"@type":"WebSite","@id":"https:\/\/astrid-guillaume.fr\/#website","url":"https:\/\/astrid-guillaume.fr\/","name":"Astrid GUILLAUME","description":"Ma\u00eetre de conf\u00e9rences HDR - Sorbonne Universit\u00e9","publisher":{"@id":"https:\/\/astrid-guillaume.fr\/#\/schema\/person\/ea4f874c5f84f3ef4298f3db85c68c9a"},"potentialAction":[{"@type":"SearchAction","target":{"@type":"EntryPoint","urlTemplate":"https:\/\/astrid-guillaume.fr\/?s={search_term_string}"},"query-input":{"@type":"PropertyValueSpecification","valueRequired":true,"valueName":"search_term_string"}}],"inLanguage":"fr-FR"},{"@type":["Person","Organization"],"@id":"https:\/\/astrid-guillaume.fr\/#\/schema\/person\/ea4f874c5f84f3ef4298f3db85c68c9a","name":"Astrid GUILLAUME","image":{"@type":"ImageObject","inLanguage":"fr-FR","@id":"https:\/\/secure.gravatar.com\/avatar\/d6b204d7c0d63e3481ca32f0b90c6ff876137841f8508ca626b432158768fd16?s=96&d=blank&r=g","url":"https:\/\/secure.gravatar.com\/avatar\/d6b204d7c0d63e3481ca32f0b90c6ff876137841f8508ca626b432158768fd16?s=96&d=blank&r=g","contentUrl":"https:\/\/secure.gravatar.com\/avatar\/d6b204d7c0d63e3481ca32f0b90c6ff876137841f8508ca626b432158768fd16?s=96&d=blank&r=g","caption":"Astrid GUILLAUME"},"logo":{"@id":"https:\/\/secure.gravatar.com\/avatar\/d6b204d7c0d63e3481ca32f0b90c6ff876137841f8508ca626b432158768fd16?s=96&d=blank&r=g"}}]}},"_links":{"self":[{"href":"https:\/\/astrid-guillaume.fr\/index.php\/wp-json\/wp\/v2\/posts\/1505","targetHints":{"allow":["GET"]}}],"collection":[{"href":"https:\/\/astrid-guillaume.fr\/index.php\/wp-json\/wp\/v2\/posts"}],"about":[{"href":"https:\/\/astrid-guillaume.fr\/index.php\/wp-json\/wp\/v2\/types\/post"}],"author":[{"embeddable":true,"href":"https:\/\/astrid-guillaume.fr\/index.php\/wp-json\/wp\/v2\/users\/3"}],"replies":[{"embeddable":true,"href":"https:\/\/astrid-guillaume.fr\/index.php\/wp-json\/wp\/v2\/comments?post=1505"}],"version-history":[{"count":6,"href":"https:\/\/astrid-guillaume.fr\/index.php\/wp-json\/wp\/v2\/posts\/1505\/revisions"}],"predecessor-version":[{"id":1518,"href":"https:\/\/astrid-guillaume.fr\/index.php\/wp-json\/wp\/v2\/posts\/1505\/revisions\/1518"}],"wp:featuredmedia":[{"embeddable":true,"href":"https:\/\/astrid-guillaume.fr\/index.php\/wp-json\/wp\/v2\/media\/1515"}],"wp:attachment":[{"href":"https:\/\/astrid-guillaume.fr\/index.php\/wp-json\/wp\/v2\/media?parent=1505"}],"wp:term":[{"taxonomy":"category","embeddable":true,"href":"https:\/\/astrid-guillaume.fr\/index.php\/wp-json\/wp\/v2\/categories?post=1505"},{"taxonomy":"post_tag","embeddable":true,"href":"https:\/\/astrid-guillaume.fr\/index.php\/wp-json\/wp\/v2\/tags?post=1505"}],"curies":[{"name":"wp","href":"https:\/\/api.w.org\/{rel}","templated":true}]}}