{"id":1371,"date":"2021-09-09T10:03:39","date_gmt":"2021-09-09T08:03:39","guid":{"rendered":"https:\/\/astrid-guillaume.fr\/?p=1371"},"modified":"2021-09-09T10:23:20","modified_gmt":"2021-09-09T08:23:20","slug":"9-et-10-sept-conference-universitaire-de-suisse-occidentale-cuso-la-semiotique-et-les-sciences-sociales","status":"publish","type":"post","link":"https:\/\/astrid-guillaume.fr\/index.php\/2021\/09\/09\/9-et-10-sept-conference-universitaire-de-suisse-occidentale-cuso-la-semiotique-et-les-sciences-sociales\/","title":{"rendered":"[9 et 10 sept] Conf\u00e9rence Universitaire de Suisse Occidentale (CUSO): La s\u00e9miotique et les sciences sociales"},"content":{"rendered":"\n<p>Programme doctoral CUSO Sociologie <\/p>\n\n\n\n<p>Cette ann\u00e9e, le Programme doctoral CUSO Sociologie pr\u00e9sente l&rsquo;int\u00e9r\u00eat d&rsquo;utiliser la s\u00e9miotique en sociologie.<\/p>\n\n\n\n<p> J&rsquo;interviendrai vendredi 10 septembre pour pr\u00e9senter la s\u00e9miotraductologie humaine et animali\u00e8re.<\/p>\n\n\n\n<p>Plus d&rsquo;informations sur le site du <a href=\"https:\/\/sociologie.cuso.ch\/?id=882&amp;tx_displaycontroller[showUid]=5445\" target=\"_blank\" rel=\"noreferrer noopener\"><strong>CUSO<\/strong><\/a>.<\/p>\n\n\n\n<p>La s\u00e9miotique, comme discipline des sciences humaines et sociales nourrissant le projet d&rsquo;\u00e9tudier le sens et les processus signifiants, s&rsquo;int\u00e9resse depuis de nombreuses ann\u00e9es aux mani\u00e8res dont se construisent les identit\u00e9s sociales et se d\u00e9veloppent les ph\u00e9nom\u00e8nes sociaux au sein de la culture. En particulier, parce qu&rsquo;elle tient \u00e0 la fois du structuralisme et de la ph\u00e9nom\u00e9nologie, la s\u00e9miotique (ou socio-s\u00e9miotique, si employ\u00e9e dans une perspective sociale) est capable de soutenir les sp\u00e9cialistes en sciences sociales lorsque vient le moment d&rsquo;analyser, sch\u00e9matiser, ordonner, interpr\u00e9ter ou expliquer les donn\u00e9es r\u00e9colt\u00e9es sur le terrain, dans les corpus ou \u00e0 la suite d&rsquo;entretiens. Notamment, la s\u00e9miotique dispose de mod\u00e8les th\u00e9oriques et d&rsquo;outils pratiques qui permettent de produire des cat\u00e9gories pertinentes, qu&rsquo;il s&rsquo;agisse de typologies d&rsquo;objets, de textes, de lieux, d&rsquo;individus, de pratiques, de strat\u00e9gies ou encore de motivations. Ainsi, les intervenants qui participeront \u00e0 ces journ\u00e9es d&rsquo;\u00e9tude pr\u00e9senteront diverses th\u00e9ories et m\u00e9thodes s\u00e9miotiques destin\u00e9es, d&rsquo;une part, \u00e0 mieux formaliser la r\u00e9alit\u00e9 sociale (pour fixer des objectifs de recherche ad\u00e9quats), d&rsquo;autre part, \u00e0 faciliter l&rsquo;interpr\u00e9tation des r\u00e9sultats obtenus (\u00e0 travers des techniques de cat\u00e9gorisation et d&rsquo;explication notamment). Enfin, au-del\u00e0 de ces aspects strictement m\u00e9thodologiques, l&rsquo;objectif de ce module sera aussi de sensibiliser les jeunes chercheurs au domaine s\u00e9miotique qui m\u00e9rite une attention particuli\u00e8re lorsqu&rsquo;on s&rsquo;int\u00e9resse \u00e0 des probl\u00e9matiques interactionnelles ou soci\u00e9tales.<\/p>\n\n\n\n<p>Programme des 9 et 10 septembre 2021<\/p>\n\n\n\n<div data-wp-interactive=\"core\/file\" class=\"wp-block-file\"><object data-wp-bind--hidden=\"!state.hasPdfPreview\" hidden class=\"wp-block-file__embed\" data=\"https:\/\/astrid-guillaume.fr\/wp-content\/uploads\/2021\/09\/programme.pdf\" type=\"application\/pdf\" style=\"width:100%;height:600px\" aria-label=\"Contenu embarqu\u00e9 Contenu embarqu\u00e9 programme..\"><\/object><a href=\"https:\/\/astrid-guillaume.fr\/wp-content\/uploads\/2021\/09\/programme.pdf\">programme<\/a><a href=\"https:\/\/astrid-guillaume.fr\/wp-content\/uploads\/2021\/09\/programme.pdf\" class=\"wp-block-file__button\" download>T\u00e9l\u00e9charger <\/a><\/div>\n\n\n\n<figure class=\"wp-block-image size-full\"><img decoding=\"async\" width=\"191\" height=\"85\" src=\"https:\/\/astrid-guillaume.fr\/wp-content\/uploads\/2021\/09\/cuso-logo.gif\" alt=\"\" class=\"wp-image-1373\"\/><\/figure>\n\n\n\n<figure class=\"wp-block-gallery columns-0 is-cropped wp-block-gallery-1 is-layout-flex wp-block-gallery-is-layout-flex\"><ul class=\"blocks-gallery-grid\"><\/ul><\/figure>\n","protected":false},"excerpt":{"rendered":"<p>Cette ann\u00e9e, le Programme doctoral CUSO Sociologie pr\u00e9sente l&rsquo;int\u00e9r\u00eat d&rsquo;utiliser la s\u00e9miotique en sociologie. J&rsquo;interviendrai vendredi 10 septembre pour pr\u00e9senter la s\u00e9miotraductologie humaine et animali\u00e8re.<\/p>\n","protected":false},"author":3,"featured_media":1377,"comment_status":"closed","ping_status":"open","sticky":false,"template":"","format":"standard","meta":{"footnotes":""},"categories":[1],"tags":[5,24,6,112],"class_list":["post-1371","post","type-post","status-publish","format-standard","has-post-thumbnail","hentry","category-non-classe","tag-semiotique","tag-semiotraductologie","tag-theories","tag-theorisations"],"yoast_head":"<!-- This site is optimized with the Yoast SEO plugin v27.4 - https:\/\/yoast.com\/product\/yoast-seo-wordpress\/ -->\n<title>[9 et 10 sept] Conf\u00e9rence Universitaire de Suisse Occidentale (CUSO): La s\u00e9miotique et les sciences sociales - Astrid GUILLAUME<\/title>\n<meta name=\"robots\" content=\"index, follow, max-snippet:-1, max-image-preview:large, max-video-preview:-1\" \/>\n<link rel=\"canonical\" href=\"https:\/\/astrid-guillaume.fr\/index.php\/2021\/09\/09\/9-et-10-sept-conference-universitaire-de-suisse-occidentale-cuso-la-semiotique-et-les-sciences-sociales\/\" \/>\n<meta property=\"og:locale\" content=\"fr_FR\" \/>\n<meta property=\"og:type\" content=\"article\" \/>\n<meta property=\"og:title\" content=\"[9 et 10 sept] Conf\u00e9rence Universitaire de Suisse Occidentale (CUSO): La s\u00e9miotique et les sciences sociales - Astrid GUILLAUME\" \/>\n<meta property=\"og:description\" content=\"Cette ann\u00e9e, le Programme doctoral CUSO Sociologie pr\u00e9sente l&#039;int\u00e9r\u00eat d&#039;utiliser la s\u00e9miotique en sociologie. J&#039;interviendrai vendredi 10 septembre pour pr\u00e9senter la s\u00e9miotraductologie humaine et animali\u00e8re.\" \/>\n<meta property=\"og:url\" content=\"https:\/\/astrid-guillaume.fr\/index.php\/2021\/09\/09\/9-et-10-sept-conference-universitaire-de-suisse-occidentale-cuso-la-semiotique-et-les-sciences-sociales\/\" \/>\n<meta property=\"og:site_name\" content=\"Astrid GUILLAUME\" \/>\n<meta property=\"article:published_time\" content=\"2021-09-09T08:03:39+00:00\" \/>\n<meta property=\"article:modified_time\" content=\"2021-09-09T08:23:20+00:00\" \/>\n<meta property=\"og:image\" content=\"https:\/\/astrid-guillaume.fr\/wp-content\/uploads\/2021\/09\/cuso-logo-1.gif\" \/>\n\t<meta property=\"og:image:width\" content=\"191\" \/>\n\t<meta property=\"og:image:height\" content=\"85\" \/>\n\t<meta property=\"og:image:type\" content=\"image\/gif\" \/>\n<meta name=\"author\" content=\"Astrid GUILLAUME\" \/>\n<meta name=\"twitter:card\" content=\"summary_large_image\" \/>\n<meta name=\"twitter:label1\" content=\"\u00c9crit par\" \/>\n\t<meta name=\"twitter:data1\" content=\"Astrid GUILLAUME\" \/>\n\t<meta name=\"twitter:label2\" content=\"Dur\u00e9e de lecture estim\u00e9e\" \/>\n\t<meta name=\"twitter:data2\" content=\"2 minutes\" \/>\n<script type=\"application\/ld+json\" class=\"yoast-schema-graph\">{\"@context\":\"https:\\\/\\\/schema.org\",\"@graph\":[{\"@type\":\"Article\",\"@id\":\"https:\\\/\\\/astrid-guillaume.fr\\\/index.php\\\/2021\\\/09\\\/09\\\/9-et-10-sept-conference-universitaire-de-suisse-occidentale-cuso-la-semiotique-et-les-sciences-sociales\\\/#article\",\"isPartOf\":{\"@id\":\"https:\\\/\\\/astrid-guillaume.fr\\\/index.php\\\/2021\\\/09\\\/09\\\/9-et-10-sept-conference-universitaire-de-suisse-occidentale-cuso-la-semiotique-et-les-sciences-sociales\\\/\"},\"author\":{\"name\":\"Astrid GUILLAUME\",\"@id\":\"https:\\\/\\\/astrid-guillaume.fr\\\/#\\\/schema\\\/person\\\/ea4f874c5f84f3ef4298f3db85c68c9a\"},\"headline\":\"[9 et 10 sept] Conf\u00e9rence Universitaire de Suisse Occidentale (CUSO): La s\u00e9miotique et les sciences sociales\",\"datePublished\":\"2021-09-09T08:03:39+00:00\",\"dateModified\":\"2021-09-09T08:23:20+00:00\",\"mainEntityOfPage\":{\"@id\":\"https:\\\/\\\/astrid-guillaume.fr\\\/index.php\\\/2021\\\/09\\\/09\\\/9-et-10-sept-conference-universitaire-de-suisse-occidentale-cuso-la-semiotique-et-les-sciences-sociales\\\/\"},\"wordCount\":321,\"publisher\":{\"@id\":\"https:\\\/\\\/astrid-guillaume.fr\\\/#\\\/schema\\\/person\\\/ea4f874c5f84f3ef4298f3db85c68c9a\"},\"image\":{\"@id\":\"https:\\\/\\\/astrid-guillaume.fr\\\/index.php\\\/2021\\\/09\\\/09\\\/9-et-10-sept-conference-universitaire-de-suisse-occidentale-cuso-la-semiotique-et-les-sciences-sociales\\\/#primaryimage\"},\"thumbnailUrl\":\"https:\\\/\\\/astrid-guillaume.fr\\\/wp-content\\\/uploads\\\/2021\\\/09\\\/cuso-logo-1.gif\",\"keywords\":[\"s\u00e9miotique\",\"S\u00e9miotraductologie\",\"th\u00e9ories\",\"th\u00e9orisations\"],\"inLanguage\":\"fr-FR\"},{\"@type\":\"WebPage\",\"@id\":\"https:\\\/\\\/astrid-guillaume.fr\\\/index.php\\\/2021\\\/09\\\/09\\\/9-et-10-sept-conference-universitaire-de-suisse-occidentale-cuso-la-semiotique-et-les-sciences-sociales\\\/\",\"url\":\"https:\\\/\\\/astrid-guillaume.fr\\\/index.php\\\/2021\\\/09\\\/09\\\/9-et-10-sept-conference-universitaire-de-suisse-occidentale-cuso-la-semiotique-et-les-sciences-sociales\\\/\",\"name\":\"[9 et 10 sept] Conf\u00e9rence Universitaire de Suisse Occidentale (CUSO): La s\u00e9miotique et les sciences sociales - Astrid GUILLAUME\",\"isPartOf\":{\"@id\":\"https:\\\/\\\/astrid-guillaume.fr\\\/#website\"},\"primaryImageOfPage\":{\"@id\":\"https:\\\/\\\/astrid-guillaume.fr\\\/index.php\\\/2021\\\/09\\\/09\\\/9-et-10-sept-conference-universitaire-de-suisse-occidentale-cuso-la-semiotique-et-les-sciences-sociales\\\/#primaryimage\"},\"image\":{\"@id\":\"https:\\\/\\\/astrid-guillaume.fr\\\/index.php\\\/2021\\\/09\\\/09\\\/9-et-10-sept-conference-universitaire-de-suisse-occidentale-cuso-la-semiotique-et-les-sciences-sociales\\\/#primaryimage\"},\"thumbnailUrl\":\"https:\\\/\\\/astrid-guillaume.fr\\\/wp-content\\\/uploads\\\/2021\\\/09\\\/cuso-logo-1.gif\",\"datePublished\":\"2021-09-09T08:03:39+00:00\",\"dateModified\":\"2021-09-09T08:23:20+00:00\",\"breadcrumb\":{\"@id\":\"https:\\\/\\\/astrid-guillaume.fr\\\/index.php\\\/2021\\\/09\\\/09\\\/9-et-10-sept-conference-universitaire-de-suisse-occidentale-cuso-la-semiotique-et-les-sciences-sociales\\\/#breadcrumb\"},\"inLanguage\":\"fr-FR\",\"potentialAction\":[{\"@type\":\"ReadAction\",\"target\":[\"https:\\\/\\\/astrid-guillaume.fr\\\/index.php\\\/2021\\\/09\\\/09\\\/9-et-10-sept-conference-universitaire-de-suisse-occidentale-cuso-la-semiotique-et-les-sciences-sociales\\\/\"]}]},{\"@type\":\"ImageObject\",\"inLanguage\":\"fr-FR\",\"@id\":\"https:\\\/\\\/astrid-guillaume.fr\\\/index.php\\\/2021\\\/09\\\/09\\\/9-et-10-sept-conference-universitaire-de-suisse-occidentale-cuso-la-semiotique-et-les-sciences-sociales\\\/#primaryimage\",\"url\":\"https:\\\/\\\/astrid-guillaume.fr\\\/wp-content\\\/uploads\\\/2021\\\/09\\\/cuso-logo-1.gif\",\"contentUrl\":\"https:\\\/\\\/astrid-guillaume.fr\\\/wp-content\\\/uploads\\\/2021\\\/09\\\/cuso-logo-1.gif\",\"width\":191,\"height\":85},{\"@type\":\"BreadcrumbList\",\"@id\":\"https:\\\/\\\/astrid-guillaume.fr\\\/index.php\\\/2021\\\/09\\\/09\\\/9-et-10-sept-conference-universitaire-de-suisse-occidentale-cuso-la-semiotique-et-les-sciences-sociales\\\/#breadcrumb\",\"itemListElement\":[{\"@type\":\"ListItem\",\"position\":1,\"name\":\"Accueil\",\"item\":\"https:\\\/\\\/astrid-guillaume.fr\\\/\"},{\"@type\":\"ListItem\",\"position\":2,\"name\":\"[9 et 10 sept] Conf\u00e9rence Universitaire de Suisse Occidentale (CUSO): La s\u00e9miotique et les sciences sociales\"}]},{\"@type\":\"WebSite\",\"@id\":\"https:\\\/\\\/astrid-guillaume.fr\\\/#website\",\"url\":\"https:\\\/\\\/astrid-guillaume.fr\\\/\",\"name\":\"Astrid GUILLAUME\",\"description\":\"Ma\u00eetre de conf\u00e9rences HDR - Sorbonne Universit\u00e9\",\"publisher\":{\"@id\":\"https:\\\/\\\/astrid-guillaume.fr\\\/#\\\/schema\\\/person\\\/ea4f874c5f84f3ef4298f3db85c68c9a\"},\"potentialAction\":[{\"@type\":\"SearchAction\",\"target\":{\"@type\":\"EntryPoint\",\"urlTemplate\":\"https:\\\/\\\/astrid-guillaume.fr\\\/?s={search_term_string}\"},\"query-input\":{\"@type\":\"PropertyValueSpecification\",\"valueRequired\":true,\"valueName\":\"search_term_string\"}}],\"inLanguage\":\"fr-FR\"},{\"@type\":[\"Person\",\"Organization\"],\"@id\":\"https:\\\/\\\/astrid-guillaume.fr\\\/#\\\/schema\\\/person\\\/ea4f874c5f84f3ef4298f3db85c68c9a\",\"name\":\"Astrid GUILLAUME\",\"image\":{\"@type\":\"ImageObject\",\"inLanguage\":\"fr-FR\",\"@id\":\"https:\\\/\\\/secure.gravatar.com\\\/avatar\\\/d6b204d7c0d63e3481ca32f0b90c6ff876137841f8508ca626b432158768fd16?s=96&d=blank&r=g\",\"url\":\"https:\\\/\\\/secure.gravatar.com\\\/avatar\\\/d6b204d7c0d63e3481ca32f0b90c6ff876137841f8508ca626b432158768fd16?s=96&d=blank&r=g\",\"contentUrl\":\"https:\\\/\\\/secure.gravatar.com\\\/avatar\\\/d6b204d7c0d63e3481ca32f0b90c6ff876137841f8508ca626b432158768fd16?s=96&d=blank&r=g\",\"caption\":\"Astrid GUILLAUME\"},\"logo\":{\"@id\":\"https:\\\/\\\/secure.gravatar.com\\\/avatar\\\/d6b204d7c0d63e3481ca32f0b90c6ff876137841f8508ca626b432158768fd16?s=96&d=blank&r=g\"}}]}<\/script>\n<!-- \/ Yoast SEO plugin. -->","yoast_head_json":{"title":"[9 et 10 sept] Conf\u00e9rence Universitaire de Suisse Occidentale (CUSO): La s\u00e9miotique et les sciences sociales - Astrid GUILLAUME","robots":{"index":"index","follow":"follow","max-snippet":"max-snippet:-1","max-image-preview":"max-image-preview:large","max-video-preview":"max-video-preview:-1"},"canonical":"https:\/\/astrid-guillaume.fr\/index.php\/2021\/09\/09\/9-et-10-sept-conference-universitaire-de-suisse-occidentale-cuso-la-semiotique-et-les-sciences-sociales\/","og_locale":"fr_FR","og_type":"article","og_title":"[9 et 10 sept] Conf\u00e9rence Universitaire de Suisse Occidentale (CUSO): La s\u00e9miotique et les sciences sociales - Astrid GUILLAUME","og_description":"Cette ann\u00e9e, le Programme doctoral CUSO Sociologie pr\u00e9sente l'int\u00e9r\u00eat d'utiliser la s\u00e9miotique en sociologie. J'interviendrai vendredi 10 septembre pour pr\u00e9senter la s\u00e9miotraductologie humaine et animali\u00e8re.","og_url":"https:\/\/astrid-guillaume.fr\/index.php\/2021\/09\/09\/9-et-10-sept-conference-universitaire-de-suisse-occidentale-cuso-la-semiotique-et-les-sciences-sociales\/","og_site_name":"Astrid GUILLAUME","article_published_time":"2021-09-09T08:03:39+00:00","article_modified_time":"2021-09-09T08:23:20+00:00","og_image":[{"width":191,"height":85,"url":"https:\/\/astrid-guillaume.fr\/wp-content\/uploads\/2021\/09\/cuso-logo-1.gif","type":"image\/gif"}],"author":"Astrid GUILLAUME","twitter_card":"summary_large_image","twitter_misc":{"\u00c9crit par":"Astrid GUILLAUME","Dur\u00e9e de lecture estim\u00e9e":"2 minutes"},"schema":{"@context":"https:\/\/schema.org","@graph":[{"@type":"Article","@id":"https:\/\/astrid-guillaume.fr\/index.php\/2021\/09\/09\/9-et-10-sept-conference-universitaire-de-suisse-occidentale-cuso-la-semiotique-et-les-sciences-sociales\/#article","isPartOf":{"@id":"https:\/\/astrid-guillaume.fr\/index.php\/2021\/09\/09\/9-et-10-sept-conference-universitaire-de-suisse-occidentale-cuso-la-semiotique-et-les-sciences-sociales\/"},"author":{"name":"Astrid GUILLAUME","@id":"https:\/\/astrid-guillaume.fr\/#\/schema\/person\/ea4f874c5f84f3ef4298f3db85c68c9a"},"headline":"[9 et 10 sept] Conf\u00e9rence Universitaire de Suisse Occidentale (CUSO): La s\u00e9miotique et les sciences sociales","datePublished":"2021-09-09T08:03:39+00:00","dateModified":"2021-09-09T08:23:20+00:00","mainEntityOfPage":{"@id":"https:\/\/astrid-guillaume.fr\/index.php\/2021\/09\/09\/9-et-10-sept-conference-universitaire-de-suisse-occidentale-cuso-la-semiotique-et-les-sciences-sociales\/"},"wordCount":321,"publisher":{"@id":"https:\/\/astrid-guillaume.fr\/#\/schema\/person\/ea4f874c5f84f3ef4298f3db85c68c9a"},"image":{"@id":"https:\/\/astrid-guillaume.fr\/index.php\/2021\/09\/09\/9-et-10-sept-conference-universitaire-de-suisse-occidentale-cuso-la-semiotique-et-les-sciences-sociales\/#primaryimage"},"thumbnailUrl":"https:\/\/astrid-guillaume.fr\/wp-content\/uploads\/2021\/09\/cuso-logo-1.gif","keywords":["s\u00e9miotique","S\u00e9miotraductologie","th\u00e9ories","th\u00e9orisations"],"inLanguage":"fr-FR"},{"@type":"WebPage","@id":"https:\/\/astrid-guillaume.fr\/index.php\/2021\/09\/09\/9-et-10-sept-conference-universitaire-de-suisse-occidentale-cuso-la-semiotique-et-les-sciences-sociales\/","url":"https:\/\/astrid-guillaume.fr\/index.php\/2021\/09\/09\/9-et-10-sept-conference-universitaire-de-suisse-occidentale-cuso-la-semiotique-et-les-sciences-sociales\/","name":"[9 et 10 sept] Conf\u00e9rence Universitaire de Suisse Occidentale (CUSO): La s\u00e9miotique et les sciences sociales - Astrid GUILLAUME","isPartOf":{"@id":"https:\/\/astrid-guillaume.fr\/#website"},"primaryImageOfPage":{"@id":"https:\/\/astrid-guillaume.fr\/index.php\/2021\/09\/09\/9-et-10-sept-conference-universitaire-de-suisse-occidentale-cuso-la-semiotique-et-les-sciences-sociales\/#primaryimage"},"image":{"@id":"https:\/\/astrid-guillaume.fr\/index.php\/2021\/09\/09\/9-et-10-sept-conference-universitaire-de-suisse-occidentale-cuso-la-semiotique-et-les-sciences-sociales\/#primaryimage"},"thumbnailUrl":"https:\/\/astrid-guillaume.fr\/wp-content\/uploads\/2021\/09\/cuso-logo-1.gif","datePublished":"2021-09-09T08:03:39+00:00","dateModified":"2021-09-09T08:23:20+00:00","breadcrumb":{"@id":"https:\/\/astrid-guillaume.fr\/index.php\/2021\/09\/09\/9-et-10-sept-conference-universitaire-de-suisse-occidentale-cuso-la-semiotique-et-les-sciences-sociales\/#breadcrumb"},"inLanguage":"fr-FR","potentialAction":[{"@type":"ReadAction","target":["https:\/\/astrid-guillaume.fr\/index.php\/2021\/09\/09\/9-et-10-sept-conference-universitaire-de-suisse-occidentale-cuso-la-semiotique-et-les-sciences-sociales\/"]}]},{"@type":"ImageObject","inLanguage":"fr-FR","@id":"https:\/\/astrid-guillaume.fr\/index.php\/2021\/09\/09\/9-et-10-sept-conference-universitaire-de-suisse-occidentale-cuso-la-semiotique-et-les-sciences-sociales\/#primaryimage","url":"https:\/\/astrid-guillaume.fr\/wp-content\/uploads\/2021\/09\/cuso-logo-1.gif","contentUrl":"https:\/\/astrid-guillaume.fr\/wp-content\/uploads\/2021\/09\/cuso-logo-1.gif","width":191,"height":85},{"@type":"BreadcrumbList","@id":"https:\/\/astrid-guillaume.fr\/index.php\/2021\/09\/09\/9-et-10-sept-conference-universitaire-de-suisse-occidentale-cuso-la-semiotique-et-les-sciences-sociales\/#breadcrumb","itemListElement":[{"@type":"ListItem","position":1,"name":"Accueil","item":"https:\/\/astrid-guillaume.fr\/"},{"@type":"ListItem","position":2,"name":"[9 et 10 sept] Conf\u00e9rence Universitaire de Suisse Occidentale (CUSO): La s\u00e9miotique et les sciences sociales"}]},{"@type":"WebSite","@id":"https:\/\/astrid-guillaume.fr\/#website","url":"https:\/\/astrid-guillaume.fr\/","name":"Astrid GUILLAUME","description":"Ma\u00eetre de conf\u00e9rences HDR - Sorbonne Universit\u00e9","publisher":{"@id":"https:\/\/astrid-guillaume.fr\/#\/schema\/person\/ea4f874c5f84f3ef4298f3db85c68c9a"},"potentialAction":[{"@type":"SearchAction","target":{"@type":"EntryPoint","urlTemplate":"https:\/\/astrid-guillaume.fr\/?s={search_term_string}"},"query-input":{"@type":"PropertyValueSpecification","valueRequired":true,"valueName":"search_term_string"}}],"inLanguage":"fr-FR"},{"@type":["Person","Organization"],"@id":"https:\/\/astrid-guillaume.fr\/#\/schema\/person\/ea4f874c5f84f3ef4298f3db85c68c9a","name":"Astrid GUILLAUME","image":{"@type":"ImageObject","inLanguage":"fr-FR","@id":"https:\/\/secure.gravatar.com\/avatar\/d6b204d7c0d63e3481ca32f0b90c6ff876137841f8508ca626b432158768fd16?s=96&d=blank&r=g","url":"https:\/\/secure.gravatar.com\/avatar\/d6b204d7c0d63e3481ca32f0b90c6ff876137841f8508ca626b432158768fd16?s=96&d=blank&r=g","contentUrl":"https:\/\/secure.gravatar.com\/avatar\/d6b204d7c0d63e3481ca32f0b90c6ff876137841f8508ca626b432158768fd16?s=96&d=blank&r=g","caption":"Astrid GUILLAUME"},"logo":{"@id":"https:\/\/secure.gravatar.com\/avatar\/d6b204d7c0d63e3481ca32f0b90c6ff876137841f8508ca626b432158768fd16?s=96&d=blank&r=g"}}]}},"_links":{"self":[{"href":"https:\/\/astrid-guillaume.fr\/index.php\/wp-json\/wp\/v2\/posts\/1371","targetHints":{"allow":["GET"]}}],"collection":[{"href":"https:\/\/astrid-guillaume.fr\/index.php\/wp-json\/wp\/v2\/posts"}],"about":[{"href":"https:\/\/astrid-guillaume.fr\/index.php\/wp-json\/wp\/v2\/types\/post"}],"author":[{"embeddable":true,"href":"https:\/\/astrid-guillaume.fr\/index.php\/wp-json\/wp\/v2\/users\/3"}],"replies":[{"embeddable":true,"href":"https:\/\/astrid-guillaume.fr\/index.php\/wp-json\/wp\/v2\/comments?post=1371"}],"version-history":[{"count":4,"href":"https:\/\/astrid-guillaume.fr\/index.php\/wp-json\/wp\/v2\/posts\/1371\/revisions"}],"predecessor-version":[{"id":1380,"href":"https:\/\/astrid-guillaume.fr\/index.php\/wp-json\/wp\/v2\/posts\/1371\/revisions\/1380"}],"wp:featuredmedia":[{"embeddable":true,"href":"https:\/\/astrid-guillaume.fr\/index.php\/wp-json\/wp\/v2\/media\/1377"}],"wp:attachment":[{"href":"https:\/\/astrid-guillaume.fr\/index.php\/wp-json\/wp\/v2\/media?parent=1371"}],"wp:term":[{"taxonomy":"category","embeddable":true,"href":"https:\/\/astrid-guillaume.fr\/index.php\/wp-json\/wp\/v2\/categories?post=1371"},{"taxonomy":"post_tag","embeddable":true,"href":"https:\/\/astrid-guillaume.fr\/index.php\/wp-json\/wp\/v2\/tags?post=1371"}],"curies":[{"name":"wp","href":"https:\/\/api.w.org\/{rel}","templated":true}]}}